{"id":1372,"date":"2018-04-10T11:05:22","date_gmt":"2018-04-10T10:05:22","guid":{"rendered":"http:\/\/www.dagjebatenburg.nl\/lbg\/?p=1372"},"modified":"2018-04-09T20:14:53","modified_gmt":"2018-04-09T19:14:53","slug":"onze-zorgcooperatie-batenburg-voor-elkaar","status":"publish","type":"post","link":"https:\/\/www.batenburgstad.nl\/lbg\/2018\/04\/10\/onze-zorgcooperatie-batenburg-voor-elkaar\/","title":{"rendered":"\u201cOnze\u201d zorgco\u00f6peratie \u2018Batenburg voor Elkaar\u2019"},"content":{"rendered":"<p>Vanaf de informatie-avond de 30ste januari is de zorgco\u00f6peratie van start gegaan. Druk bezocht, zo\u2019n 60 mensen. Veel vrijwilligers hebben zich nu ook formeel opgegeven. Inclusief de contactpersonen per dienst staat de teller op 78 ingeschreven vrijwilligers!!<b><\/p>\n<p><\/b><b>En ja, hoe gaat het ?!?<a href=\"http:\/\/www.dagjebatenburg.nl\/lbg\/wp-content\/uploads\/zorgcooperatie_batenburg_leefbaarheidsgroep.jpg\"><img decoding=\"async\" class=\"size-full wp-image-1373 alignright lazyload\" data-src=\"http:\/\/www.dagjebatenburg.nl\/lbg\/wp-content\/uploads\/zorgcooperatie_batenburg_leefbaarheidsgroep.jpg\" alt=\"\" width=\"250\" height=\"150\" src=\"data:image\/svg+xml;base64,PHN2ZyB3aWR0aD0iMSIgaGVpZ2h0PSIxIiB4bWxucz0iaHR0cDovL3d3dy53My5vcmcvMjAwMC9zdmciPjwvc3ZnPg==\" style=\"--smush-placeholder-width: 250px; --smush-placeholder-aspect-ratio: 250\/150;\"><\/a><\/b><b><br \/>\n<\/b>Nou, we komen op gang! De Ontmoetingsplek kunnen we misschien al voorzichtigjes een succes te noemen. E\u00e9n keer in de twee (even) weken staat de deur \u2019s ochtends open voor jong en oud. We zien enthousiaste bezoekers en enthousiaste vrijwilligers! Erg gezellig. Iedereen is welkom.<b><br \/>\n<\/b>Ook hebben al aardig wat mensen de weg gevonden naar de Vervoersdienst en naar de Computer\/mobiel\/tv-dienst. De mensen zijn erg tevreden, naar we hoorden.<!--more--><b><br \/>\n<\/b>De AED-groep (hulp bij re-animatie) is een eerste keer bijeen geweest. Heel goed dat dit op gang komt. Ieder die zich nog wil aansluiten: bel Frank van de Loo (06 \u2013 229 17 891). Je hoeft niet perse een cursus gevolgd te hebben, want dat wordt geregeld.<b><\/p>\n<p><\/b>En met het mooie weer op komst zal de dienst Wandeling\/praatje zeker meer mensen gaan trekken. De eerste aanmeldingen zijn er. Ga er lekker op uit, even bellen, gezellig en gezond \u2026..<b><br \/>\n<\/b>En natuurlijk is het ook fijn om zelf te winkelen of uw boodschappen te kunnen, rustig in uw eigen tempo. Maar wel veilig. Onze vrijwilligers willen u graag hierbij ondersteunen en rijden u graag hiervoor naar Wijchen of Nijmegen.<\/p>\n<p>In en om het huis zal met de lente in aantocht weer werk verzet moeten worden. We hopen dat de mensen ook de weg weten te vinden naar onze Klussendienst.<b><br \/>\n<\/b>En: uw administratie op orde brengen, is rond deze tijd en vervelend maar toch wel belangrijk klusje. Onze dienst Adminstratie kan van pas komen.<\/p>\n<p>Kortom: rondom sommige diensten is het nog wat stiller, maar we denken dat het stap voor stap zal gaan groeien. Het is even wennen om zomaar even te bellen, maar u zult zien hoe makkelijk het gaat. Wij staan voor u klaar!<\/p>\n<p><b>Voor wie?<\/b><b><br \/>\n<\/b>We hopen van harte dat ouderen en iedereen die door een (tijdelijke) beperking soms of juist vaker hulp nodig heeft, van onze diensten gebruik gaat maken!! We willen hiermee ook de mantelzorgers proberen wat te ontlasten. Ook zij kunnen ons gerust bellen.<\/p>\n<p><b>Hoe werken de diensten?<\/b><b><br \/>\n<\/b>Gewoon \u00e9\u00e9n van de 9 diensten bellen! De contactpersonen bellen dan vervolgens \u00e9\u00e9n van de aangemelde vrijwilligers.<\/p>\n<p>Er zijn geen kosten aan verbonden, behalve materiaal- en benzinekosten (bijvoorbeeld als iemand naar een verjaardag gebracht moet worden). De vrijwilligers zijn verzekerd en hebben getekend voor geheimhouding.<\/p>\n<p>Hartelijke groet van de initiatiefgroep,<\/p>\n<p>Marian Klievink, Lianne Banken en Gonnie Hendriks<br \/>\nContact of informatie: 06 \u2013 425 96 271<\/p>\n<p>&nbsp;<\/p>\n","protected":false},"excerpt":{"rendered":"<p>Vanaf de informatie-avond de 30ste januari is de zorgco\u00f6peratie van start gegaan. Druk bezocht, zo\u2019n 60 mensen. Veel vrijwilligers hebben zich nu ook formeel opgegeven. Inclusief de contactpersonen per dienst staat de teller op 78 ingeschreven vrijwilligers!! En ja, hoe gaat het ?!? Nou, we komen op gang! De Ontmoetingsplek kunnen we misschien al voorzichtigjes &hellip; <a href=\"https:\/\/www.batenburgstad.nl\/lbg\/2018\/04\/10\/onze-zorgcooperatie-batenburg-voor-elkaar\/\" class=\"more-link\">Lees verder <span class=\"screen-reader-text\">\u201cOnze\u201d zorgco\u00f6peratie \u2018Batenburg voor Elkaar\u2019<\/span> <span class=\"meta-nav\">&rarr;<\/span><\/a><\/p>\n","protected":false},"author":5,"featured_media":0,"comment_status":"open","ping_status":"open","sticky":false,"template":"","format":"standard","meta":{"ngg_post_thumbnail":0,"footnotes":""},"categories":[1,38],"tags":[],"class_list":["post-1372","post","type-post","status-publish","format-standard","hentry","category-geen-categorie","category-zorgcooperatie"],"yoast_head":"<!-- This site is optimized with the Yoast SEO plugin v27.0 - https:\/\/yoast.com\/product\/yoast-seo-wordpress\/ -->\n<title>\u201cOnze\u201d zorgco\u00f6peratie \u2018Batenburg voor Elkaar\u2019 - Leefbaarheidsgroep Batenburg<\/title>\n<meta name=\"robots\" content=\"index, follow, max-snippet:-1, max-image-preview:large, max-video-preview:-1\" \/>\n<link rel=\"canonical\" href=\"https:\/\/www.batenburgstad.nl\/lbg\/2018\/04\/10\/onze-zorgcooperatie-batenburg-voor-elkaar\/\" \/>\n<meta property=\"og:locale\" content=\"nl_NL\" \/>\n<meta property=\"og:type\" content=\"article\" \/>\n<meta property=\"og:title\" content=\"\u201cOnze\u201d zorgco\u00f6peratie \u2018Batenburg voor Elkaar\u2019 - Leefbaarheidsgroep Batenburg\" \/>\n<meta property=\"og:description\" content=\"Vanaf de informatie-avond de 30ste januari is de zorgco\u00f6peratie van start gegaan. Druk bezocht, zo\u2019n 60 mensen. Veel vrijwilligers hebben zich nu ook formeel opgegeven. Inclusief de contactpersonen per dienst staat de teller op 78 ingeschreven vrijwilligers!! En ja, hoe gaat het ?!? Nou, we komen op gang! De Ontmoetingsplek kunnen we misschien al voorzichtigjes &hellip; Lees verder \u201cOnze\u201d zorgco\u00f6peratie \u2018Batenburg voor Elkaar\u2019 &rarr;\" \/>\n<meta property=\"og:url\" content=\"https:\/\/www.batenburgstad.nl\/lbg\/2018\/04\/10\/onze-zorgcooperatie-batenburg-voor-elkaar\/\" \/>\n<meta property=\"og:site_name\" content=\"Leefbaarheidsgroep Batenburg\" \/>\n<meta property=\"article:published_time\" content=\"2018-04-10T10:05:22+00:00\" \/>\n<meta property=\"og:image\" content=\"https:\/\/www.batenburgstad.nl\/lbg\/wp-content\/uploads\/zorgcooperatie_batenburg_leefbaarheidsgroep.jpg\" \/>\n\t<meta property=\"og:image:width\" content=\"250\" \/>\n\t<meta property=\"og:image:height\" content=\"150\" \/>\n\t<meta property=\"og:image:type\" content=\"image\/jpeg\" \/>\n<meta name=\"author\" content=\"Ilse Kuipers\" \/>\n<meta name=\"twitter:card\" content=\"summary_large_image\" \/>\n<meta name=\"twitter:label1\" content=\"Geschreven door\" \/>\n\t<meta name=\"twitter:data1\" content=\"Ilse Kuipers\" \/>\n\t<meta name=\"twitter:label2\" content=\"Geschatte leestijd\" \/>\n\t<meta name=\"twitter:data2\" content=\"2 minuten\" \/>\n<script type=\"application\/ld+json\" class=\"yoast-schema-graph\">{\"@context\":\"https:\/\/schema.org\",\"@graph\":[{\"@type\":\"Article\",\"@id\":\"https:\/\/www.batenburgstad.nl\/lbg\/2018\/04\/10\/onze-zorgcooperatie-batenburg-voor-elkaar\/#article\",\"isPartOf\":{\"@id\":\"https:\/\/www.batenburgstad.nl\/lbg\/2018\/04\/10\/onze-zorgcooperatie-batenburg-voor-elkaar\/\"},\"author\":{\"name\":\"Ilse Kuipers\",\"@id\":\"https:\/\/www.batenburgstad.nl\/lbg\/#\/schema\/person\/8d0e0d4b6b3d6ff3d29baf6ee33457c4\"},\"headline\":\"\u201cOnze\u201d zorgco\u00f6peratie \u2018Batenburg voor Elkaar\u2019\",\"datePublished\":\"2018-04-10T10:05:22+00:00\",\"mainEntityOfPage\":{\"@id\":\"https:\/\/www.batenburgstad.nl\/lbg\/2018\/04\/10\/onze-zorgcooperatie-batenburg-voor-elkaar\/\"},\"wordCount\":437,\"commentCount\":0,\"image\":{\"@id\":\"https:\/\/www.batenburgstad.nl\/lbg\/2018\/04\/10\/onze-zorgcooperatie-batenburg-voor-elkaar\/#primaryimage\"},\"thumbnailUrl\":\"http:\/\/www.dagjebatenburg.nl\/lbg\/wp-content\/uploads\/zorgcooperatie_batenburg_leefbaarheidsgroep.jpg\",\"articleSection\":[\"Geen categorie\",\"zorgco\u00f6peratie\"],\"inLanguage\":\"nl-NL\",\"potentialAction\":[{\"@type\":\"CommentAction\",\"name\":\"Comment\",\"target\":[\"https:\/\/www.batenburgstad.nl\/lbg\/2018\/04\/10\/onze-zorgcooperatie-batenburg-voor-elkaar\/#respond\"]}]},{\"@type\":\"WebPage\",\"@id\":\"https:\/\/www.batenburgstad.nl\/lbg\/2018\/04\/10\/onze-zorgcooperatie-batenburg-voor-elkaar\/\",\"url\":\"https:\/\/www.batenburgstad.nl\/lbg\/2018\/04\/10\/onze-zorgcooperatie-batenburg-voor-elkaar\/\",\"name\":\"\u201cOnze\u201d zorgco\u00f6peratie \u2018Batenburg voor Elkaar\u2019 - Leefbaarheidsgroep Batenburg\",\"isPartOf\":{\"@id\":\"https:\/\/www.batenburgstad.nl\/lbg\/#website\"},\"primaryImageOfPage\":{\"@id\":\"https:\/\/www.batenburgstad.nl\/lbg\/2018\/04\/10\/onze-zorgcooperatie-batenburg-voor-elkaar\/#primaryimage\"},\"image\":{\"@id\":\"https:\/\/www.batenburgstad.nl\/lbg\/2018\/04\/10\/onze-zorgcooperatie-batenburg-voor-elkaar\/#primaryimage\"},\"thumbnailUrl\":\"http:\/\/www.dagjebatenburg.nl\/lbg\/wp-content\/uploads\/zorgcooperatie_batenburg_leefbaarheidsgroep.jpg\",\"datePublished\":\"2018-04-10T10:05:22+00:00\",\"author\":{\"@id\":\"https:\/\/www.batenburgstad.nl\/lbg\/#\/schema\/person\/8d0e0d4b6b3d6ff3d29baf6ee33457c4\"},\"breadcrumb\":{\"@id\":\"https:\/\/www.batenburgstad.nl\/lbg\/2018\/04\/10\/onze-zorgcooperatie-batenburg-voor-elkaar\/#breadcrumb\"},\"inLanguage\":\"nl-NL\",\"potentialAction\":[{\"@type\":\"ReadAction\",\"target\":[\"https:\/\/www.batenburgstad.nl\/lbg\/2018\/04\/10\/onze-zorgcooperatie-batenburg-voor-elkaar\/\"]}]},{\"@type\":\"ImageObject\",\"inLanguage\":\"nl-NL\",\"@id\":\"https:\/\/www.batenburgstad.nl\/lbg\/2018\/04\/10\/onze-zorgcooperatie-batenburg-voor-elkaar\/#primaryimage\",\"url\":\"http:\/\/www.dagjebatenburg.nl\/lbg\/wp-content\/uploads\/zorgcooperatie_batenburg_leefbaarheidsgroep.jpg\",\"contentUrl\":\"http:\/\/www.dagjebatenburg.nl\/lbg\/wp-content\/uploads\/zorgcooperatie_batenburg_leefbaarheidsgroep.jpg\"},{\"@type\":\"BreadcrumbList\",\"@id\":\"https:\/\/www.batenburgstad.nl\/lbg\/2018\/04\/10\/onze-zorgcooperatie-batenburg-voor-elkaar\/#breadcrumb\",\"itemListElement\":[{\"@type\":\"ListItem\",\"position\":1,\"name\":\"Home\",\"item\":\"https:\/\/www.batenburgstad.nl\/lbg\/\"},{\"@type\":\"ListItem\",\"position\":2,\"name\":\"\u201cOnze\u201d zorgco\u00f6peratie \u2018Batenburg voor Elkaar\u2019\"}]},{\"@type\":\"WebSite\",\"@id\":\"https:\/\/www.batenburgstad.nl\/lbg\/#website\",\"url\":\"https:\/\/www.batenburgstad.nl\/lbg\/\",\"name\":\"Leefbaarheidsgroep Batenburg\",\"description\":\"Stadje aan de Maas\",\"potentialAction\":[{\"@type\":\"SearchAction\",\"target\":{\"@type\":\"EntryPoint\",\"urlTemplate\":\"https:\/\/www.batenburgstad.nl\/lbg\/?s={search_term_string}\"},\"query-input\":{\"@type\":\"PropertyValueSpecification\",\"valueRequired\":true,\"valueName\":\"search_term_string\"}}],\"inLanguage\":\"nl-NL\"},{\"@type\":\"Person\",\"@id\":\"https:\/\/www.batenburgstad.nl\/lbg\/#\/schema\/person\/8d0e0d4b6b3d6ff3d29baf6ee33457c4\",\"name\":\"Ilse Kuipers\",\"image\":{\"@type\":\"ImageObject\",\"inLanguage\":\"nl-NL\",\"@id\":\"https:\/\/www.batenburgstad.nl\/lbg\/#\/schema\/person\/image\/\",\"url\":\"https:\/\/secure.gravatar.com\/avatar\/0282d3547fbbbbd6fafe25cf7ce57222284bf751f7aba36b3e692a9b41f64981?s=96&d=mm&r=g\",\"contentUrl\":\"https:\/\/secure.gravatar.com\/avatar\/0282d3547fbbbbd6fafe25cf7ce57222284bf751f7aba36b3e692a9b41f64981?s=96&d=mm&r=g\",\"caption\":\"Ilse Kuipers\"},\"sameAs\":[\"http:\/\/www.batenburgstad.nl\/lbg\/\"],\"url\":\"https:\/\/www.batenburgstad.nl\/lbg\/author\/ikuipers\/\"}]}<\/script>\n<!-- \/ Yoast SEO plugin. -->","yoast_head_json":{"title":"\u201cOnze\u201d zorgco\u00f6peratie \u2018Batenburg voor Elkaar\u2019 - Leefbaarheidsgroep Batenburg","robots":{"index":"index","follow":"follow","max-snippet":"max-snippet:-1","max-image-preview":"max-image-preview:large","max-video-preview":"max-video-preview:-1"},"canonical":"https:\/\/www.batenburgstad.nl\/lbg\/2018\/04\/10\/onze-zorgcooperatie-batenburg-voor-elkaar\/","og_locale":"nl_NL","og_type":"article","og_title":"\u201cOnze\u201d zorgco\u00f6peratie \u2018Batenburg voor Elkaar\u2019 - Leefbaarheidsgroep Batenburg","og_description":"Vanaf de informatie-avond de 30ste januari is de zorgco\u00f6peratie van start gegaan. Druk bezocht, zo\u2019n 60 mensen. Veel vrijwilligers hebben zich nu ook formeel opgegeven. Inclusief de contactpersonen per dienst staat de teller op 78 ingeschreven vrijwilligers!! En ja, hoe gaat het ?!? Nou, we komen op gang! De Ontmoetingsplek kunnen we misschien al voorzichtigjes &hellip; Lees verder \u201cOnze\u201d zorgco\u00f6peratie \u2018Batenburg voor Elkaar\u2019 &rarr;","og_url":"https:\/\/www.batenburgstad.nl\/lbg\/2018\/04\/10\/onze-zorgcooperatie-batenburg-voor-elkaar\/","og_site_name":"Leefbaarheidsgroep Batenburg","article_published_time":"2018-04-10T10:05:22+00:00","og_image":[{"width":250,"height":150,"url":"https:\/\/www.batenburgstad.nl\/lbg\/wp-content\/uploads\/zorgcooperatie_batenburg_leefbaarheidsgroep.jpg","type":"image\/jpeg"}],"author":"Ilse Kuipers","twitter_card":"summary_large_image","twitter_misc":{"Geschreven door":"Ilse Kuipers","Geschatte leestijd":"2 minuten"},"schema":{"@context":"https:\/\/schema.org","@graph":[{"@type":"Article","@id":"https:\/\/www.batenburgstad.nl\/lbg\/2018\/04\/10\/onze-zorgcooperatie-batenburg-voor-elkaar\/#article","isPartOf":{"@id":"https:\/\/www.batenburgstad.nl\/lbg\/2018\/04\/10\/onze-zorgcooperatie-batenburg-voor-elkaar\/"},"author":{"name":"Ilse Kuipers","@id":"https:\/\/www.batenburgstad.nl\/lbg\/#\/schema\/person\/8d0e0d4b6b3d6ff3d29baf6ee33457c4"},"headline":"\u201cOnze\u201d zorgco\u00f6peratie \u2018Batenburg voor Elkaar\u2019","datePublished":"2018-04-10T10:05:22+00:00","mainEntityOfPage":{"@id":"https:\/\/www.batenburgstad.nl\/lbg\/2018\/04\/10\/onze-zorgcooperatie-batenburg-voor-elkaar\/"},"wordCount":437,"commentCount":0,"image":{"@id":"https:\/\/www.batenburgstad.nl\/lbg\/2018\/04\/10\/onze-zorgcooperatie-batenburg-voor-elkaar\/#primaryimage"},"thumbnailUrl":"http:\/\/www.dagjebatenburg.nl\/lbg\/wp-content\/uploads\/zorgcooperatie_batenburg_leefbaarheidsgroep.jpg","articleSection":["Geen categorie","zorgco\u00f6peratie"],"inLanguage":"nl-NL","potentialAction":[{"@type":"CommentAction","name":"Comment","target":["https:\/\/www.batenburgstad.nl\/lbg\/2018\/04\/10\/onze-zorgcooperatie-batenburg-voor-elkaar\/#respond"]}]},{"@type":"WebPage","@id":"https:\/\/www.batenburgstad.nl\/lbg\/2018\/04\/10\/onze-zorgcooperatie-batenburg-voor-elkaar\/","url":"https:\/\/www.batenburgstad.nl\/lbg\/2018\/04\/10\/onze-zorgcooperatie-batenburg-voor-elkaar\/","name":"\u201cOnze\u201d zorgco\u00f6peratie \u2018Batenburg voor Elkaar\u2019 - Leefbaarheidsgroep Batenburg","isPartOf":{"@id":"https:\/\/www.batenburgstad.nl\/lbg\/#website"},"primaryImageOfPage":{"@id":"https:\/\/www.batenburgstad.nl\/lbg\/2018\/04\/10\/onze-zorgcooperatie-batenburg-voor-elkaar\/#primaryimage"},"image":{"@id":"https:\/\/www.batenburgstad.nl\/lbg\/2018\/04\/10\/onze-zorgcooperatie-batenburg-voor-elkaar\/#primaryimage"},"thumbnailUrl":"http:\/\/www.dagjebatenburg.nl\/lbg\/wp-content\/uploads\/zorgcooperatie_batenburg_leefbaarheidsgroep.jpg","datePublished":"2018-04-10T10:05:22+00:00","author":{"@id":"https:\/\/www.batenburgstad.nl\/lbg\/#\/schema\/person\/8d0e0d4b6b3d6ff3d29baf6ee33457c4"},"breadcrumb":{"@id":"https:\/\/www.batenburgstad.nl\/lbg\/2018\/04\/10\/onze-zorgcooperatie-batenburg-voor-elkaar\/#breadcrumb"},"inLanguage":"nl-NL","potentialAction":[{"@type":"ReadAction","target":["https:\/\/www.batenburgstad.nl\/lbg\/2018\/04\/10\/onze-zorgcooperatie-batenburg-voor-elkaar\/"]}]},{"@type":"ImageObject","inLanguage":"nl-NL","@id":"https:\/\/www.batenburgstad.nl\/lbg\/2018\/04\/10\/onze-zorgcooperatie-batenburg-voor-elkaar\/#primaryimage","url":"http:\/\/www.dagjebatenburg.nl\/lbg\/wp-content\/uploads\/zorgcooperatie_batenburg_leefbaarheidsgroep.jpg","contentUrl":"http:\/\/www.dagjebatenburg.nl\/lbg\/wp-content\/uploads\/zorgcooperatie_batenburg_leefbaarheidsgroep.jpg"},{"@type":"BreadcrumbList","@id":"https:\/\/www.batenburgstad.nl\/lbg\/2018\/04\/10\/onze-zorgcooperatie-batenburg-voor-elkaar\/#breadcrumb","itemListElement":[{"@type":"ListItem","position":1,"name":"Home","item":"https:\/\/www.batenburgstad.nl\/lbg\/"},{"@type":"ListItem","position":2,"name":"\u201cOnze\u201d zorgco\u00f6peratie \u2018Batenburg voor Elkaar\u2019"}]},{"@type":"WebSite","@id":"https:\/\/www.batenburgstad.nl\/lbg\/#website","url":"https:\/\/www.batenburgstad.nl\/lbg\/","name":"Leefbaarheidsgroep Batenburg","description":"Stadje aan de Maas","potentialAction":[{"@type":"SearchAction","target":{"@type":"EntryPoint","urlTemplate":"https:\/\/www.batenburgstad.nl\/lbg\/?s={search_term_string}"},"query-input":{"@type":"PropertyValueSpecification","valueRequired":true,"valueName":"search_term_string"}}],"inLanguage":"nl-NL"},{"@type":"Person","@id":"https:\/\/www.batenburgstad.nl\/lbg\/#\/schema\/person\/8d0e0d4b6b3d6ff3d29baf6ee33457c4","name":"Ilse Kuipers","image":{"@type":"ImageObject","inLanguage":"nl-NL","@id":"https:\/\/www.batenburgstad.nl\/lbg\/#\/schema\/person\/image\/","url":"https:\/\/secure.gravatar.com\/avatar\/0282d3547fbbbbd6fafe25cf7ce57222284bf751f7aba36b3e692a9b41f64981?s=96&d=mm&r=g","contentUrl":"https:\/\/secure.gravatar.com\/avatar\/0282d3547fbbbbd6fafe25cf7ce57222284bf751f7aba36b3e692a9b41f64981?s=96&d=mm&r=g","caption":"Ilse Kuipers"},"sameAs":["http:\/\/www.batenburgstad.nl\/lbg\/"],"url":"https:\/\/www.batenburgstad.nl\/lbg\/author\/ikuipers\/"}]}},"_links":{"self":[{"href":"https:\/\/www.batenburgstad.nl\/lbg\/wp-json\/wp\/v2\/posts\/1372","targetHints":{"allow":["GET"]}}],"collection":[{"href":"https:\/\/www.batenburgstad.nl\/lbg\/wp-json\/wp\/v2\/posts"}],"about":[{"href":"https:\/\/www.batenburgstad.nl\/lbg\/wp-json\/wp\/v2\/types\/post"}],"author":[{"embeddable":true,"href":"https:\/\/www.batenburgstad.nl\/lbg\/wp-json\/wp\/v2\/users\/5"}],"replies":[{"embeddable":true,"href":"https:\/\/www.batenburgstad.nl\/lbg\/wp-json\/wp\/v2\/comments?post=1372"}],"version-history":[{"count":0,"href":"https:\/\/www.batenburgstad.nl\/lbg\/wp-json\/wp\/v2\/posts\/1372\/revisions"}],"wp:attachment":[{"href":"https:\/\/www.batenburgstad.nl\/lbg\/wp-json\/wp\/v2\/media?parent=1372"}],"wp:term":[{"taxonomy":"category","embeddable":true,"href":"https:\/\/www.batenburgstad.nl\/lbg\/wp-json\/wp\/v2\/categories?post=1372"},{"taxonomy":"post_tag","embeddable":true,"href":"https:\/\/www.batenburgstad.nl\/lbg\/wp-json\/wp\/v2\/tags?post=1372"}],"curies":[{"name":"wp","href":"https:\/\/api.w.org\/{rel}","templated":true}]}}