{"id":1622,"date":"2022-04-12T19:22:30","date_gmt":"2022-04-12T18:22:30","guid":{"rendered":"https:\/\/www.batenburgstad.nl\/lbg\/?p=1622"},"modified":"2022-04-12T19:22:47","modified_gmt":"2022-04-12T18:22:47","slug":"energiecafe-in-de-batenburcht","status":"publish","type":"post","link":"https:\/\/www.batenburgstad.nl\/lbg\/2022\/04\/12\/energiecafe-in-de-batenburcht\/","title":{"rendered":"Energiecaf\u00e9 in de Batenburcht \u00a0"},"content":{"rendered":"\n<p>Op dinsdag 19 april om 19:30 uur organiseert Spectrum samen met&nbsp; de gemeente een energiecaf\u00e9 in Batenburg.<\/p>\n\n\n\n<p>Tijdens dit caf\u00e9 kunnen Batenburgers hun idee\u00ebn en zorgen over duurzaamheid<br>bespreken en vertelt de gemeente hoe men hiermee bezig is. Energiebesparing is in deze tijd een belangrijk thema.&nbsp;Ook windenergie speelt een rol.<\/p>\n\n\n\n<p>Omdat dit soort bijeenkomsten vaak gericht zijn op de meest voorkomende typen<br>woningen heeft de Leefbaarheidsgroep ook de vele monumenten in Batenburg op tafel gelegd in de hoop dat ook daarvoor aandacht is.<\/p>\n\n\n\n<p><br>Daarnaast organiseert Spectrum in opdracht van gemeente Wijchen de campagne Hoe duurzaam is Wijchen? Hierbij gaat men op verschillende manieren met inwoners op zoek naar hoe het nog beter kan in de gemeente.<br><br>Er is een online enquete ingericht, te vinden op:&nbsp;<a href=\"https:\/\/wijchen.swipocratie.nl\/\">https:\/\/wijchen.swipocratie.nl\/<\/a><\/p>\n","protected":false},"excerpt":{"rendered":"<p>Op dinsdag 19 april om 19:30 uur organiseert Spectrum samen met&nbsp; de gemeente een energiecaf\u00e9 in Batenburg. Tijdens dit caf\u00e9 kunnen Batenburgers hun idee\u00ebn en zorgen over duurzaamheidbespreken en vertelt de gemeente hoe men hiermee bezig is. Energiebesparing is in deze tijd een belangrijk thema.&nbsp;Ook windenergie speelt een rol. Omdat dit soort bijeenkomsten vaak gericht &hellip; <a href=\"https:\/\/www.batenburgstad.nl\/lbg\/2022\/04\/12\/energiecafe-in-de-batenburcht\/\" class=\"more-link\">Lees verder <span class=\"screen-reader-text\">Energiecaf\u00e9 in de Batenburcht \u00a0<\/span> <span class=\"meta-nav\">&rarr;<\/span><\/a><\/p>\n","protected":false},"author":5,"featured_media":0,"comment_status":"open","ping_status":"open","sticky":false,"template":"","format":"standard","meta":{"ngg_post_thumbnail":0,"footnotes":""},"categories":[6,19],"tags":[],"class_list":["post-1622","post","type-post","status-publish","format-standard","hentry","category-leefbaarheidsgroep","category-windenergieproject"],"yoast_head":"<!-- This site is optimized with the Yoast SEO plugin v27.0 - https:\/\/yoast.com\/product\/yoast-seo-wordpress\/ -->\n<title>Energiecaf\u00e9 in de Batenburcht \u00a0 - Leefbaarheidsgroep Batenburg<\/title>\n<meta name=\"robots\" content=\"index, follow, max-snippet:-1, max-image-preview:large, max-video-preview:-1\" \/>\n<link rel=\"canonical\" href=\"https:\/\/www.batenburgstad.nl\/lbg\/2022\/04\/12\/energiecafe-in-de-batenburcht\/\" \/>\n<meta property=\"og:locale\" content=\"nl_NL\" \/>\n<meta property=\"og:type\" content=\"article\" \/>\n<meta property=\"og:title\" content=\"Energiecaf\u00e9 in de Batenburcht \u00a0 - Leefbaarheidsgroep Batenburg\" \/>\n<meta property=\"og:description\" content=\"Op dinsdag 19 april om 19:30 uur organiseert Spectrum samen met&nbsp; de gemeente een energiecaf\u00e9 in Batenburg. Tijdens dit caf\u00e9 kunnen Batenburgers hun idee\u00ebn en zorgen over duurzaamheidbespreken en vertelt de gemeente hoe men hiermee bezig is. Energiebesparing is in deze tijd een belangrijk thema.&nbsp;Ook windenergie speelt een rol. Omdat dit soort bijeenkomsten vaak gericht &hellip; Lees verder Energiecaf\u00e9 in de Batenburcht \u00a0 &rarr;\" \/>\n<meta property=\"og:url\" content=\"https:\/\/www.batenburgstad.nl\/lbg\/2022\/04\/12\/energiecafe-in-de-batenburcht\/\" \/>\n<meta property=\"og:site_name\" content=\"Leefbaarheidsgroep Batenburg\" \/>\n<meta property=\"article:published_time\" content=\"2022-04-12T18:22:30+00:00\" \/>\n<meta property=\"article:modified_time\" content=\"2022-04-12T18:22:47+00:00\" \/>\n<meta name=\"author\" content=\"Ilse Kuipers\" \/>\n<meta name=\"twitter:card\" content=\"summary_large_image\" \/>\n<meta name=\"twitter:label1\" content=\"Geschreven door\" \/>\n\t<meta name=\"twitter:data1\" content=\"Ilse Kuipers\" \/>\n\t<meta name=\"twitter:label2\" content=\"Geschatte leestijd\" \/>\n\t<meta name=\"twitter:data2\" content=\"1 minuut\" \/>\n<script type=\"application\/ld+json\" class=\"yoast-schema-graph\">{\"@context\":\"https:\/\/schema.org\",\"@graph\":[{\"@type\":\"Article\",\"@id\":\"https:\/\/www.batenburgstad.nl\/lbg\/2022\/04\/12\/energiecafe-in-de-batenburcht\/#article\",\"isPartOf\":{\"@id\":\"https:\/\/www.batenburgstad.nl\/lbg\/2022\/04\/12\/energiecafe-in-de-batenburcht\/\"},\"author\":{\"name\":\"Ilse Kuipers\",\"@id\":\"https:\/\/www.batenburgstad.nl\/lbg\/#\/schema\/person\/8d0e0d4b6b3d6ff3d29baf6ee33457c4\"},\"headline\":\"Energiecaf\u00e9 in de Batenburcht \u00a0\",\"datePublished\":\"2022-04-12T18:22:30+00:00\",\"dateModified\":\"2022-04-12T18:22:47+00:00\",\"mainEntityOfPage\":{\"@id\":\"https:\/\/www.batenburgstad.nl\/lbg\/2022\/04\/12\/energiecafe-in-de-batenburcht\/\"},\"wordCount\":134,\"commentCount\":0,\"articleSection\":[\"Leefbaarheidsgroep\",\"windenergieproject\"],\"inLanguage\":\"nl-NL\",\"potentialAction\":[{\"@type\":\"CommentAction\",\"name\":\"Comment\",\"target\":[\"https:\/\/www.batenburgstad.nl\/lbg\/2022\/04\/12\/energiecafe-in-de-batenburcht\/#respond\"]}]},{\"@type\":\"WebPage\",\"@id\":\"https:\/\/www.batenburgstad.nl\/lbg\/2022\/04\/12\/energiecafe-in-de-batenburcht\/\",\"url\":\"https:\/\/www.batenburgstad.nl\/lbg\/2022\/04\/12\/energiecafe-in-de-batenburcht\/\",\"name\":\"Energiecaf\u00e9 in de Batenburcht \u00a0 - Leefbaarheidsgroep Batenburg\",\"isPartOf\":{\"@id\":\"https:\/\/www.batenburgstad.nl\/lbg\/#website\"},\"datePublished\":\"2022-04-12T18:22:30+00:00\",\"dateModified\":\"2022-04-12T18:22:47+00:00\",\"author\":{\"@id\":\"https:\/\/www.batenburgstad.nl\/lbg\/#\/schema\/person\/8d0e0d4b6b3d6ff3d29baf6ee33457c4\"},\"breadcrumb\":{\"@id\":\"https:\/\/www.batenburgstad.nl\/lbg\/2022\/04\/12\/energiecafe-in-de-batenburcht\/#breadcrumb\"},\"inLanguage\":\"nl-NL\",\"potentialAction\":[{\"@type\":\"ReadAction\",\"target\":[\"https:\/\/www.batenburgstad.nl\/lbg\/2022\/04\/12\/energiecafe-in-de-batenburcht\/\"]}]},{\"@type\":\"BreadcrumbList\",\"@id\":\"https:\/\/www.batenburgstad.nl\/lbg\/2022\/04\/12\/energiecafe-in-de-batenburcht\/#breadcrumb\",\"itemListElement\":[{\"@type\":\"ListItem\",\"position\":1,\"name\":\"Home\",\"item\":\"https:\/\/www.batenburgstad.nl\/lbg\/\"},{\"@type\":\"ListItem\",\"position\":2,\"name\":\"Energiecaf\u00e9 in de Batenburcht \u00a0\"}]},{\"@type\":\"WebSite\",\"@id\":\"https:\/\/www.batenburgstad.nl\/lbg\/#website\",\"url\":\"https:\/\/www.batenburgstad.nl\/lbg\/\",\"name\":\"Leefbaarheidsgroep Batenburg\",\"description\":\"Stadje aan de Maas\",\"potentialAction\":[{\"@type\":\"SearchAction\",\"target\":{\"@type\":\"EntryPoint\",\"urlTemplate\":\"https:\/\/www.batenburgstad.nl\/lbg\/?s={search_term_string}\"},\"query-input\":{\"@type\":\"PropertyValueSpecification\",\"valueRequired\":true,\"valueName\":\"search_term_string\"}}],\"inLanguage\":\"nl-NL\"},{\"@type\":\"Person\",\"@id\":\"https:\/\/www.batenburgstad.nl\/lbg\/#\/schema\/person\/8d0e0d4b6b3d6ff3d29baf6ee33457c4\",\"name\":\"Ilse Kuipers\",\"image\":{\"@type\":\"ImageObject\",\"inLanguage\":\"nl-NL\",\"@id\":\"https:\/\/www.batenburgstad.nl\/lbg\/#\/schema\/person\/image\/\",\"url\":\"https:\/\/secure.gravatar.com\/avatar\/0282d3547fbbbbd6fafe25cf7ce57222284bf751f7aba36b3e692a9b41f64981?s=96&d=mm&r=g\",\"contentUrl\":\"https:\/\/secure.gravatar.com\/avatar\/0282d3547fbbbbd6fafe25cf7ce57222284bf751f7aba36b3e692a9b41f64981?s=96&d=mm&r=g\",\"caption\":\"Ilse Kuipers\"},\"sameAs\":[\"http:\/\/www.batenburgstad.nl\/lbg\/\"],\"url\":\"https:\/\/www.batenburgstad.nl\/lbg\/author\/ikuipers\/\"}]}<\/script>\n<!-- \/ Yoast SEO plugin. -->","yoast_head_json":{"title":"Energiecaf\u00e9 in de Batenburcht \u00a0 - Leefbaarheidsgroep Batenburg","robots":{"index":"index","follow":"follow","max-snippet":"max-snippet:-1","max-image-preview":"max-image-preview:large","max-video-preview":"max-video-preview:-1"},"canonical":"https:\/\/www.batenburgstad.nl\/lbg\/2022\/04\/12\/energiecafe-in-de-batenburcht\/","og_locale":"nl_NL","og_type":"article","og_title":"Energiecaf\u00e9 in de Batenburcht \u00a0 - Leefbaarheidsgroep Batenburg","og_description":"Op dinsdag 19 april om 19:30 uur organiseert Spectrum samen met&nbsp; de gemeente een energiecaf\u00e9 in Batenburg. Tijdens dit caf\u00e9 kunnen Batenburgers hun idee\u00ebn en zorgen over duurzaamheidbespreken en vertelt de gemeente hoe men hiermee bezig is. Energiebesparing is in deze tijd een belangrijk thema.&nbsp;Ook windenergie speelt een rol. Omdat dit soort bijeenkomsten vaak gericht &hellip; Lees verder Energiecaf\u00e9 in de Batenburcht \u00a0 &rarr;","og_url":"https:\/\/www.batenburgstad.nl\/lbg\/2022\/04\/12\/energiecafe-in-de-batenburcht\/","og_site_name":"Leefbaarheidsgroep Batenburg","article_published_time":"2022-04-12T18:22:30+00:00","article_modified_time":"2022-04-12T18:22:47+00:00","author":"Ilse Kuipers","twitter_card":"summary_large_image","twitter_misc":{"Geschreven door":"Ilse Kuipers","Geschatte leestijd":"1 minuut"},"schema":{"@context":"https:\/\/schema.org","@graph":[{"@type":"Article","@id":"https:\/\/www.batenburgstad.nl\/lbg\/2022\/04\/12\/energiecafe-in-de-batenburcht\/#article","isPartOf":{"@id":"https:\/\/www.batenburgstad.nl\/lbg\/2022\/04\/12\/energiecafe-in-de-batenburcht\/"},"author":{"name":"Ilse Kuipers","@id":"https:\/\/www.batenburgstad.nl\/lbg\/#\/schema\/person\/8d0e0d4b6b3d6ff3d29baf6ee33457c4"},"headline":"Energiecaf\u00e9 in de Batenburcht \u00a0","datePublished":"2022-04-12T18:22:30+00:00","dateModified":"2022-04-12T18:22:47+00:00","mainEntityOfPage":{"@id":"https:\/\/www.batenburgstad.nl\/lbg\/2022\/04\/12\/energiecafe-in-de-batenburcht\/"},"wordCount":134,"commentCount":0,"articleSection":["Leefbaarheidsgroep","windenergieproject"],"inLanguage":"nl-NL","potentialAction":[{"@type":"CommentAction","name":"Comment","target":["https:\/\/www.batenburgstad.nl\/lbg\/2022\/04\/12\/energiecafe-in-de-batenburcht\/#respond"]}]},{"@type":"WebPage","@id":"https:\/\/www.batenburgstad.nl\/lbg\/2022\/04\/12\/energiecafe-in-de-batenburcht\/","url":"https:\/\/www.batenburgstad.nl\/lbg\/2022\/04\/12\/energiecafe-in-de-batenburcht\/","name":"Energiecaf\u00e9 in de Batenburcht \u00a0 - Leefbaarheidsgroep Batenburg","isPartOf":{"@id":"https:\/\/www.batenburgstad.nl\/lbg\/#website"},"datePublished":"2022-04-12T18:22:30+00:00","dateModified":"2022-04-12T18:22:47+00:00","author":{"@id":"https:\/\/www.batenburgstad.nl\/lbg\/#\/schema\/person\/8d0e0d4b6b3d6ff3d29baf6ee33457c4"},"breadcrumb":{"@id":"https:\/\/www.batenburgstad.nl\/lbg\/2022\/04\/12\/energiecafe-in-de-batenburcht\/#breadcrumb"},"inLanguage":"nl-NL","potentialAction":[{"@type":"ReadAction","target":["https:\/\/www.batenburgstad.nl\/lbg\/2022\/04\/12\/energiecafe-in-de-batenburcht\/"]}]},{"@type":"BreadcrumbList","@id":"https:\/\/www.batenburgstad.nl\/lbg\/2022\/04\/12\/energiecafe-in-de-batenburcht\/#breadcrumb","itemListElement":[{"@type":"ListItem","position":1,"name":"Home","item":"https:\/\/www.batenburgstad.nl\/lbg\/"},{"@type":"ListItem","position":2,"name":"Energiecaf\u00e9 in de Batenburcht \u00a0"}]},{"@type":"WebSite","@id":"https:\/\/www.batenburgstad.nl\/lbg\/#website","url":"https:\/\/www.batenburgstad.nl\/lbg\/","name":"Leefbaarheidsgroep Batenburg","description":"Stadje aan de Maas","potentialAction":[{"@type":"SearchAction","target":{"@type":"EntryPoint","urlTemplate":"https:\/\/www.batenburgstad.nl\/lbg\/?s={search_term_string}"},"query-input":{"@type":"PropertyValueSpecification","valueRequired":true,"valueName":"search_term_string"}}],"inLanguage":"nl-NL"},{"@type":"Person","@id":"https:\/\/www.batenburgstad.nl\/lbg\/#\/schema\/person\/8d0e0d4b6b3d6ff3d29baf6ee33457c4","name":"Ilse Kuipers","image":{"@type":"ImageObject","inLanguage":"nl-NL","@id":"https:\/\/www.batenburgstad.nl\/lbg\/#\/schema\/person\/image\/","url":"https:\/\/secure.gravatar.com\/avatar\/0282d3547fbbbbd6fafe25cf7ce57222284bf751f7aba36b3e692a9b41f64981?s=96&d=mm&r=g","contentUrl":"https:\/\/secure.gravatar.com\/avatar\/0282d3547fbbbbd6fafe25cf7ce57222284bf751f7aba36b3e692a9b41f64981?s=96&d=mm&r=g","caption":"Ilse Kuipers"},"sameAs":["http:\/\/www.batenburgstad.nl\/lbg\/"],"url":"https:\/\/www.batenburgstad.nl\/lbg\/author\/ikuipers\/"}]}},"_links":{"self":[{"href":"https:\/\/www.batenburgstad.nl\/lbg\/wp-json\/wp\/v2\/posts\/1622","targetHints":{"allow":["GET"]}}],"collection":[{"href":"https:\/\/www.batenburgstad.nl\/lbg\/wp-json\/wp\/v2\/posts"}],"about":[{"href":"https:\/\/www.batenburgstad.nl\/lbg\/wp-json\/wp\/v2\/types\/post"}],"author":[{"embeddable":true,"href":"https:\/\/www.batenburgstad.nl\/lbg\/wp-json\/wp\/v2\/users\/5"}],"replies":[{"embeddable":true,"href":"https:\/\/www.batenburgstad.nl\/lbg\/wp-json\/wp\/v2\/comments?post=1622"}],"version-history":[{"count":0,"href":"https:\/\/www.batenburgstad.nl\/lbg\/wp-json\/wp\/v2\/posts\/1622\/revisions"}],"wp:attachment":[{"href":"https:\/\/www.batenburgstad.nl\/lbg\/wp-json\/wp\/v2\/media?parent=1622"}],"wp:term":[{"taxonomy":"category","embeddable":true,"href":"https:\/\/www.batenburgstad.nl\/lbg\/wp-json\/wp\/v2\/categories?post=1622"},{"taxonomy":"post_tag","embeddable":true,"href":"https:\/\/www.batenburgstad.nl\/lbg\/wp-json\/wp\/v2\/tags?post=1622"}],"curies":[{"name":"wp","href":"https:\/\/api.w.org\/{rel}","templated":true}]}}